{"id":34400,"date":"2026-04-27T14:05:49","date_gmt":"2026-04-27T13:05:49","guid":{"rendered":"https:\/\/ductus.global\/?p=34400"},"modified":"2026-04-27T14:17:43","modified_gmt":"2026-04-27T13:17:43","slug":"mot-lisa-som-tog-steget-fran-ui-ux-till-systemutveckling","status":"publish","type":"post","link":"https:\/\/ductus.global\/sv\/mot-lisa-som-tog-steget-fran-ui-ux-till-systemutveckling\/","title":{"rendered":"M\u00f6t Lisa som tog steget fr\u00e5n UI\/UX till systemutveckling"},"content":{"rendered":"\n<div class=\"wp-block-cover alignfull\"><img decoding=\"async\" width=\"2560\" height=\"800\" class=\"wp-block-cover__image-background wp-image-33200\" alt=\"\" src=\"https:\/\/ductus.global\/wp-content\/uploads\/2025\/03\/Green-Ductus-background.jpg\" data-object-fit=\"cover\" srcset=\"https:\/\/ductus.global\/wp-content\/uploads\/2025\/03\/Green-Ductus-background.jpg 2560w, https:\/\/ductus.global\/wp-content\/uploads\/2025\/03\/Green-Ductus-background-300x94.jpg 300w, https:\/\/ductus.global\/wp-content\/uploads\/2025\/03\/Green-Ductus-background-1024x320.jpg 1024w, https:\/\/ductus.global\/wp-content\/uploads\/2025\/03\/Green-Ductus-background-768x240.jpg 768w, https:\/\/ductus.global\/wp-content\/uploads\/2025\/03\/Green-Ductus-background-1536x480.jpg 1536w, https:\/\/ductus.global\/wp-content\/uploads\/2025\/03\/Green-Ductus-background-2048x640.jpg 2048w, https:\/\/ductus.global\/wp-content\/uploads\/2025\/03\/Green-Ductus-background-160x50.jpg 160w, https:\/\/ductus.global\/wp-content\/uploads\/2025\/03\/Green-Ductus-background-840x263.jpg 840w, https:\/\/ductus.global\/wp-content\/uploads\/2025\/03\/Green-Ductus-background-1920x600.jpg 1920w\" sizes=\"(max-width: 2560px) 100vw, 2560px\" \/><span aria-hidden=\"true\" class=\"wp-block-cover__background has-background-dim\" style=\"background-color:#577269\"><\/span><div class=\"wp-block-cover__inner-container is-layout-constrained wp-block-cover-is-layout-constrained\">\n<div style=\"height:100px\" aria-hidden=\"true\" class=\"wp-block-spacer is-style-responsive-small\"><\/div>\n\n\n\n<div class=\"wp-block-columns is-layout-flex wp-container-core-columns-is-layout-9d6595d7 wp-block-columns-is-layout-flex\">\n<div class=\"wp-block-column is-vertically-aligned-center is-layout-flow wp-block-column-is-layout-flow\" style=\"flex-basis:50%\">\n<p class=\"has-text-align-left\">WOMEN IN TECH<\/p>\n\n\n\n<h1 class=\"wp-block-heading has-text-align-left\" id=\"h-mot-lisa-som-tog-steget-fran-ui-ux-till-systemutveckling\" style=\"font-size:38px\">M\u00f6t Lisa som tog steget fr\u00e5n UI\/UX till systemutveckling<\/h1>\n<\/div>\n\n\n\n<div class=\"wp-block-column is-vertically-aligned-center is-layout-flow wp-block-column-is-layout-flow\" style=\"flex-basis:50%\"><div class=\"wp-block-image is-style-rounded\">\n<figure class=\"aligncenter size-full is-resized\"><img decoding=\"async\" width=\"2560\" height=\"2560\" src=\"https:\/\/ductus.global\/wp-content\/uploads\/2026\/04\/Lisa-scaled.jpg\" alt=\"\" class=\"wp-image-34393\" style=\"object-fit:contain;width:400px;height:400px\" srcset=\"https:\/\/ductus.global\/wp-content\/uploads\/2026\/04\/Lisa-scaled.jpg 2560w, https:\/\/ductus.global\/wp-content\/uploads\/2026\/04\/Lisa-300x300.jpg 300w, https:\/\/ductus.global\/wp-content\/uploads\/2026\/04\/Lisa-1024x1024.jpg 1024w, https:\/\/ductus.global\/wp-content\/uploads\/2026\/04\/Lisa-150x150.jpg 150w, https:\/\/ductus.global\/wp-content\/uploads\/2026\/04\/Lisa-768x768.jpg 768w, https:\/\/ductus.global\/wp-content\/uploads\/2026\/04\/Lisa-1536x1536.jpg 1536w, https:\/\/ductus.global\/wp-content\/uploads\/2026\/04\/Lisa-2048x2048.jpg 2048w, https:\/\/ductus.global\/wp-content\/uploads\/2026\/04\/Lisa-50x50.jpg 50w, https:\/\/ductus.global\/wp-content\/uploads\/2026\/04\/Lisa-512x512.jpg 512w, https:\/\/ductus.global\/wp-content\/uploads\/2026\/04\/Lisa-441x441.jpg 441w, https:\/\/ductus.global\/wp-content\/uploads\/2026\/04\/Lisa-1920x1920.jpg 1920w\" sizes=\"(max-width: 2560px) 100vw, 2560px\" \/><\/figure>\n<\/div><\/div>\n<\/div>\n<\/div><\/div>\n\n\n\n<div style=\"height:100px\" aria-hidden=\"true\" class=\"wp-block-spacer is-style-responsive-small\"><\/div>\n\n\n\n<p class=\"has-preamble-font-size\">Lisa Wedin hade aldrig planerat att bli utvecklare. Men n\u00e4r hon p\u00e5 n\u00e4ra h\u00e5ll fick se vad programmering faktiskt inneb\u00e4r best\u00e4mde hon sig, hoppade p\u00e5 en utbildning mitt under pandemin och bytte karri\u00e4r. I dag \u00e4r hon systemutvecklare p\u00e5 Ductus och ansvarig f\u00f6r ett uppdrag som kan f\u00f6r\u00e4ndra hur en hel myndighet fungerar.<\/p>\n\n\n\n<h3 class=\"wp-block-heading has-ductus-darkblue-color has-text-color has-link-color wp-elements-bfa65726edab0df987121dab9e270d05\" id=\"h-vagen-in-i-tech\">V\u00e4gen in i tech<\/h3>\n\n\n\n<p class=\"has-regular-font-size\">Lisa v\u00e4xte upp med datorer och fick tidigt datorvana, men det var f\u00f6rst i vuxen \u00e5lder hon fick upp \u00f6gonen f\u00f6r programmering. Som UI\/UX-designer p\u00e5 ett produktbolag kom hon n\u00e4ra utvecklingen och fick f\u00f6r f\u00f6rsta g\u00e5ngen en tydlig bild av vad det faktiskt inneb\u00e4r.<\/p>\n\n\n\n<p>Under pandemin best\u00e4mde hon sig. Hon hoppade p\u00e5 en utbildning och bytte riktning. I dag trivs hon som systemutvecklare och uppskattar b\u00e5de teamarbetet och att f\u00e5 se l\u00f6sningar v\u00e4xa fram.<\/p>\n\n\n\n<p>\u2013 Det \u00e4r sp\u00e4nnande att se hur n\u00e5got g\u00e5r fr\u00e5n en id\u00e9 till ett komplext system.<\/p>\n\n\n\n<div style=\"height:100px\" aria-hidden=\"true\" class=\"wp-block-spacer is-style-responsive-smaller\"><\/div>\n\n\n\n<div class=\"wp-block-columns is-layout-flex wp-container-core-columns-is-layout-9d6595d7 wp-block-columns-is-layout-flex\">\n<div class=\"wp-block-column is-layout-flow wp-block-column-is-layout-flow\" style=\"flex-basis:50%\">\n<h3 class=\"wp-block-heading has-ductus-darkblue-color has-text-color has-link-color wp-elements-6294e80569bc160ec37441bbdd54cbc3\" id=\"h-min-arbetsdag\">Min arbetsdag<\/h3>\n\n\n\n<p>Lisa \u00e4r frontend lead i sitt nuvarande uppdrag, och det \u00e4r ingen liten sak. Uppdraget handlar om att digitalisera och t\u00e4nka nytt p\u00e5 en stor institution.<\/p>\n\n\n\n<p>\u2013 Mitt projekt \u00e4r en start p\u00e5 vad som kan bli en total effektivisering av en hel myndighet och det k\u00e4nns kul att f\u00e5 vara med och g\u00f6ra skillnad! B\u00e5de n\u00e4r det g\u00e4ller digitalisering, men ocks\u00e5 att v\u00e5ga bryta m\u00f6nster.<\/p>\n<\/div>\n\n\n\n<div class=\"wp-block-column is-layout-flow wp-block-column-is-layout-flow\" style=\"flex-basis:50%\">\n<div style=\"height:20px\" aria-hidden=\"true\" class=\"wp-block-spacer is-style-responsive-smaller\"><\/div>\n\n\n\n<hr class=\"wp-block-separator has-text-color has-ductus-gray-color has-alpha-channel-opacity has-ductus-gray-background-color has-background\"\/>\n\n\n\n<div class=\"wp-block-columns is-layout-flex wp-container-core-columns-is-layout-9d6595d7 wp-block-columns-is-layout-flex\">\n<div class=\"wp-block-column is-layout-flow wp-block-column-is-layout-flow\" style=\"flex-basis:70px\"><div class=\"wp-block-image\">\n<figure class=\"alignleft size-full is-resized\"><img decoding=\"async\" width=\"200\" height=\"152\" src=\"https:\/\/ductus.global\/wp-content\/uploads\/2025\/06\/quote.png\" alt=\"\" class=\"wp-image-33501\" style=\"object-fit:contain;width:70px;height:70px\" srcset=\"https:\/\/ductus.global\/wp-content\/uploads\/2025\/06\/quote.png 200w, https:\/\/ductus.global\/wp-content\/uploads\/2025\/06\/quote-66x50.png 66w\" sizes=\"(max-width: 200px) 100vw, 200px\" \/><\/figure>\n<\/div><\/div>\n\n\n\n<div class=\"wp-block-column is-layout-flow wp-block-column-is-layout-flow\" style=\"flex-basis:80%\">\n<div style=\"height:100px\" aria-hidden=\"true\" class=\"wp-block-spacer is-style-responsive-smaller\"><\/div>\n\n\n\n<p class=\"has-ductus-orange-color has-text-color has-link-color wp-elements-869824e6f6a07b9d03ccd749a16c1c78\" style=\"font-size:22px\"><em><strong><strong><em><strong><em><strong><strong><strong>Mitt projekt \u00e4r en start p\u00e5 vad som kan bli en total effektivisering av en hel myndighet och det k\u00e4nns kul att f\u00e5 vara med och g\u00f6ra skillnad!<\/strong>&#8221;<\/strong><\/strong><\/em><\/strong><\/em><\/strong><\/strong><\/em><\/p>\n\n\n\n<p class=\"has-text-align-right has-small-font-size\"><em><em><em>\u2014 Lisa Wedin, systemutvecklare, Ductus<\/em><\/em><\/em><\/p>\n<\/div>\n<\/div>\n\n\n\n<hr class=\"wp-block-separator has-text-color has-d-apricot-mid-color has-alpha-channel-opacity has-d-apricot-mid-background-color has-background\"\/>\n<\/div>\n<\/div>\n\n\n\n<h3 class=\"wp-block-heading has-ductus-darkblue-color has-text-color has-link-color wp-elements-2a5fe90f36d40bb11090a5b2f4bdc541\" id=\"h-drivkrafter\">Drivkrafter<\/h3>\n\n\n\n<p>Lisa trivs n\u00e4r hon f\u00e5r ta ansvar och \u00e4ga sina beslut. Det \u00e4r i de l\u00e4gena hon k\u00e4nner att hon verkligen utvecklas.<\/p>\n\n\n\n<p>\u2013 Att vara ansvarig i mitt uppdrag just nu f\u00e5r mig att v\u00e4xa enormt, b\u00e5de genom att beh\u00f6va hitta tryggheten i de val jag g\u00f6r, och kunna motivera dem f\u00f6r b\u00e5de teamet och kunden. Det g\u00f6r att jag g\u00f6r b\u00e4ttre research och k\u00e4nner en st\u00f6rre yrkesstolthet.<\/p>\n\n\n\n<h3 class=\"wp-block-heading has-ductus-darkblue-color has-text-color has-link-color wp-elements-e66461857b7d63061847a46b3a5271ea\" id=\"h-teamkansla-och-kultur\">Teamk\u00e4nsla och kultur<\/h3>\n\n\n\n<p>Som frontend lead \u00e4r Lisas ambition tydlig: hon vill att teamet ska k\u00e4nna sig tryggt. Det \u00e4r en lika viktig del av jobbet f\u00f6r henne som den tekniska leveransen.<\/p>\n\n\n\n<p>\u2013 Min styrka \u00e4r b\u00e5de gl\u00e4dje och att skapa en trygg atmosf\u00e4r, tillsammans med en vilja om att leverera en genomarbetad och gedigen produkt.<\/p>\n\n\n\n<h3 class=\"wp-block-heading has-ductus-darkblue-color has-text-color has-link-color wp-elements-838d0b54a440a46c23428fef7e651bd5\" id=\"h-rad-till-andra-kvinnor\">R\u00e5d till andra kvinnor<\/h3>\n\n\n\n<p>Lisa vill g\u00e4rna utmana bilden av att man m\u00e5ste ha precis r\u00e4tt bakgrund f\u00f6r att ta sig in i branschen. Hennes r\u00e5d \u00e4r att inte stirra sig blind p\u00e5 vad jobbannonser efterfr\u00e5gar, utan att utg\u00e5 fr\u00e5n det som \u00e4r roligt och stimulerande.<\/p>\n\n\n\n<p>Gillar du att planera och har l\u00e4tt f\u00f6r sociala kontakter? D\u00e5 kanske rollen som projektledare eller scrum master passar. Dr\u00f6mmer du om att utveckla spel? C# och .NET \u00f6ppnar d\u00f6rrar b\u00e5de mot spelbranschen och mot industrin i stort.<\/p>\n\n\n\n<p>\u2013 Hitta den v\u00e4g in som k\u00e4nns kul och stimulerande. M\u00e5nga fallenheter och intressen g\u00e5r att konvertera till olika delar av IT-branschen.<\/p>\n\n\n\n<h3 class=\"wp-block-heading has-ductus-darkblue-color has-text-color has-link-color wp-elements-1d6ea3396fed807977cb60410d17eaae\" id=\"h-nar-jag-inte-jobbar\">N\u00e4r jag inte jobbar\u2026<\/h3>\n\n\n\n<p>N\u00e4r Lisa beh\u00f6ver fylla p\u00e5 med energi s\u00f6ker hon sig g\u00e4rna bort fr\u00e5n den uppkopplade v\u00e4rlden.<\/p>\n\n\n\n<p>\u2013 Jag \u00e5ker till min familjs stuga n\u00e4ra fj\u00e4llv\u00e4rlden, lever med knappt en pinne t\u00e4ckning p\u00e5 telefonen och utan rinnande vatten, vid en sj\u00f6 i skogen. Mer fridfullt \u00e4n s\u00e5 blir det inte!<\/p>\n\n\n\n<div class=\"wp-block-group alignfull\"><div class=\"wp-block-group__inner-container is-layout-flow wp-block-group-is-layout-flow\">\n<div style=\"height:40px\" aria-hidden=\"true\" class=\"wp-block-spacer\"><\/div>\n\n\n<div class=\"cta-button wp-block-button ductus-cta-block aligncenter\">\n\t\t\t<a href=\"\/careers\/#job-openings\"  \t\t\t\tclass=\"ductus-btn-angle has-ductus-orange-background-color md\"\n\t\t\t\tdata-gtmtrack=\"true\" data-trackelement=\"call-to-action\"\n\t\t\t\tdata-trackvalue=\"Se v\u00e5ra lediga tj\u00e4nster\">Se v\u00e5ra lediga tj\u00e4nster<\/a>\n\t\t<\/div>\n\n\n\t\t<section id=\"social-share-block_2802029968aa982a672e61600e845755\" class=\"ductus-gutenberg ductus-social-share-block\">\n\t\t\t<div class=\"inner\">\n\t\t\t\t<nav class=\"social-share post-34400\" role=\"navigation\" aria-label=\"Social Links Menu\"><div class=\"menu-social-container\"><ul class=\"social-links-menu\"><li class=\"menu-item\"><a class=\"social-share-link social-share-x\" title=\"x\" href=\"https:\/\/twitter.com\/intent\/tweet?text=M\u00f6t%20Lisa%20som%20tog%20steget%20fr\u00e5n%20UI\/UX%20till%20systemutveckling&amp;url=https%3A%2F%2Fductus.global%2Fsv%2Fmot-lisa-som-tog-steget-fran-ui-ux-till-systemutveckling%2F\" target=\"_blank\" rel=\"noopener\" alt=\"Share on X\"><svg class=\"svg-icon\" aria-hidden=\"true\" role=\"img\" focusable=\"false\" width=\"24\" height=\"24\" viewBox=\"0 0 24 24\" xmlns=\"http:\/\/www.w3.org\/2000\/svg\"><path d=\"M13.982 10.622 20.54 3h-1.554l-5.693 6.618L8.745 3H3.5l6.876 10.007L3.5 21h1.554l6.012-6.989L15.868 21h5.245l-7.131-10.378Zm-2.128 2.474-.697-.997-5.543-7.93H8l4.474 6.4.697.996 5.815 8.318h-2.387l-4.745-6.787Z\"><\/path><\/svg><\/a><\/li><li class=\"menu-item\"><a class=\"social-share-link social-share-facebook\" title=\"facebook\" href=\"https:\/\/www.facebook.com\/sharer\/sharer.php?u=https%3A%2F%2Fductus.global%2Fsv%2Fmot-lisa-som-tog-steget-fran-ui-ux-till-systemutveckling%2F\" target=\"_blank\" rel=\"noopener\" alt=\"Share on Facebook\"><svg class=\"svg-icon\" aria-hidden=\"true\" role=\"img\" focusable=\"false\" width=\"24\" height=\"24\" viewBox=\"0 0 24 24\" xmlns=\"http:\/\/www.w3.org\/2000\/svg\"><path d=\"M12 2C6.5 2 2 6.5 2 12c0 5 3.7 9.1 8.4 9.9v-7H7.9V12h2.5V9.8c0-2.5 1.5-3.9 3.8-3.9 1.1 0 2.2.2 2.2.2v2.5h-1.3c-1.2 0-1.6.8-1.6 1.6V12h2.8l-.4 2.9h-2.3v7C18.3 21.1 22 17 22 12c0-5.5-4.5-10-10-10z\"><\/path><\/svg><\/a><\/li><li class=\"menu-item\"><a class=\"social-share-link social-share-linkedin\" title=\"linkedin\" href=\"https:\/\/www.linkedin.com\/shareArticle?mini=true&#038;url=https%3A%2F%2Fductus.global%2Fsv%2Fmot-lisa-som-tog-steget-fran-ui-ux-till-systemutveckling%2F&amp;title=M\u00f6t%20Lisa%20som%20tog%20steget%20fr\u00e5n%20UI\/UX%20till%20systemutveckling\" target=\"_blank\" rel=\"noopener\" alt=\"Share on Linkedin\"><svg class=\"svg-icon\" aria-hidden=\"true\" role=\"img\" focusable=\"false\" width=\"24\" height=\"24\" viewBox=\"0 0 24 24\" xmlns=\"http:\/\/www.w3.org\/2000\/svg\"><path d=\"M19.7,3H4.3C3.582,3,3,3.582,3,4.3v15.4C3,20.418,3.582,21,4.3,21h15.4c0.718,0,1.3-0.582,1.3-1.3V4.3 C21,3.582,20.418,3,19.7,3z M8.339,18.338H5.667v-8.59h2.672V18.338z M7.004,8.574c-0.857,0-1.549-0.694-1.549-1.548 c0-0.855,0.691-1.548,1.549-1.548c0.854,0,1.547,0.694,1.547,1.548C8.551,7.881,7.858,8.574,7.004,8.574z M18.339,18.338h-2.669 v-4.177c0-0.996-0.017-2.278-1.387-2.278c-1.389,0-1.601,1.086-1.601,2.206v4.249h-2.667v-8.59h2.559v1.174h0.037 c0.356-0.675,1.227-1.387,2.526-1.387c2.703,0,3.203,1.779,3.203,4.092V18.338z\"><\/path><\/svg><\/a><\/li><li class=\"menu-item\"><a class=\"social-share-link social-share-mail\" title=\"mail\" href=\"mailto:?subject=Share: M\u00f6t%20Lisa%20som%20tog%20steget%20fr\u00e5n%20UI\/UX%20till%20systemutveckling&amp;body=M\u00f6t%20Lisa%20som%20tog%20steget%20fr\u00e5n%20UI\/UX%20till%20systemutveckling%0D%0A%0D%0A%0D%0A%0D%0ARead more: https%3A%2F%2Fductus.global%2Fsv%2Fmot-lisa-som-tog-steget-fran-ui-ux-till-systemutveckling%2F\" target=\"_blank\" rel=\"noopener\" alt=\"Share on Mail\"><svg class=\"svg-icon\" aria-hidden=\"true\" role=\"img\" focusable=\"false\" width=\"24\" height=\"24\" viewBox=\"0 0 24 24\" xmlns=\"http:\/\/www.w3.org\/2000\/svg\"><path d=\"M20,4H4C2.895,4,2,4.895,2,6v12c0,1.105,0.895,2,2,2h16c1.105,0,2-0.895,2-2V6C22,4.895,21.105,4,20,4z M20,8.236l-8,4.882 L4,8.236V6h16V8.236z\"><\/path><\/svg><\/a><\/li><\/ul><\/div><\/nav>\n\t\t\t<\/div>\n\t\t<\/section>\n<\/div><\/div>\n\n\n\n<div style=\"height:100px\" aria-hidden=\"true\" class=\"wp-block-spacer is-style-responsive-medium\"><\/div>\n\n\n\n<div class=\"wp-block-group alignfull has-d-mocha-light-background-color has-background\"><div class=\"wp-block-group__inner-container is-layout-constrained wp-block-group-is-layout-constrained\">\n<div style=\"height:100px\" aria-hidden=\"true\" class=\"wp-block-spacer is-style-responsive-small\"><\/div>\n\n\n\n<section id=\"post-grid-block_661e64ba09a5b81c6f632527fc3da4ac\" class=\"post-grid aligncenter template-0\">\n\t<div class=\"inner-grid columns-3\">\n\t\t\n\t\t\t\t\n\n<div class=\"grid-item post \">\n\t<a href=\"https:\/\/ductus.global\/sv\/mot-martina-projektledare-som-skapar-struktur-och-trygghet-i-komplexa-it-projekt\/\" class=\"block-link\" title=\"M\u00f6t Martina, projektledare som skapar struktur och trygghet i komplexa IT-projekt\">\n        \t\t<figura class=\"grid-item-image\">\n            <img decoding=\"async\" src=\"https:\/\/ductus.global\/wp-content\/uploads\/2025\/10\/Martina-profile.jpg\" alt=\"M\u00f6t Martina, projektledare som skapar struktur och trygghet i komplexa IT-projekt\">\n        <\/figura>\n                \t\t<div class=\"inner\">\n\t\t\t<span class=\"item-title alt-heading-font\">M\u00f6t Martina, projektledare som skapar struktur och trygghet i komplexa IT-projekt<\/span>\n\t\t\t<p class=\"item-text\">Att leda komplexa IT-projekt kr\u00e4ver struktur, lyh\u00f6rdhet och en f\u00f6rm\u00e5ga att f\u00e5 m\u00e4nniskor att dra \u00e5t samma h\u00e5ll&#8230;.<\/p>\n\t\t<\/div>\n\t<\/a>\n<\/div>\n\t\t\t\t\t\t\n\t\t\t\t\n\n<div class=\"grid-item post \">\n\t<a href=\"https:\/\/ductus.global\/sv\/mot-gunilla-bid-manager-pa-ductus-som-trivs-i-granslandet-mellan-affar-och-teknik\/\" class=\"block-link\" title=\"M\u00f6t Gunilla, Bid Manager p\u00e5 Ductus som trivs i gr\u00e4nslandet mellan aff\u00e4r och teknik\">\n        \t\t<figura class=\"grid-item-image\">\n            <img decoding=\"async\" src=\"https:\/\/ductus.global\/wp-content\/uploads\/2025\/06\/Gunilla-avatar-441x441.jpg\" alt=\"M\u00f6t Gunilla, Bid Manager p\u00e5 Ductus som trivs i gr\u00e4nslandet mellan aff\u00e4r och teknik\">\n        <\/figura>\n                \t\t<div class=\"inner\">\n\t\t\t<span class=\"item-title alt-heading-font\">M\u00f6t Gunilla, Bid Manager p\u00e5 Ductus som trivs i gr\u00e4nslandet mellan aff\u00e4r och teknik<\/span>\n\t\t\t<p class=\"item-text\">Gunilla hade aldrig t\u00e4nkt sig en karri\u00e4r inom tech. Men n\u00e4r hon uppt\u00e4ckte Ductus \u2013 och ins\u00e5g att hennes&#8230;<\/p>\n\t\t<\/div>\n\t<\/a>\n<\/div>\n\t\t\t\t\t\t\n\t\t\t\t\n\n<div class=\"grid-item post \">\n\t<a href=\"https:\/\/ductus.global\/sv\/mot-stina-olofsson-ux-designer-och-friluftsentusiast\/\" class=\"block-link\" title=\"M\u00f6t Stina \u2013 UX-designer och friluftsentusiast\">\n        \t\t<figura class=\"grid-item-image\">\n            <img decoding=\"async\" src=\"https:\/\/ductus.global\/wp-content\/uploads\/2025\/05\/Stina-Olofsson-WiT-441x441.jpg\" alt=\"M\u00f6t Stina \u2013 UX-designer och friluftsentusiast\">\n        <\/figura>\n                \t\t<div class=\"inner\">\n\t\t\t<span class=\"item-title alt-heading-font\">M\u00f6t Stina \u2013 UX-designer och friluftsentusiast<\/span>\n\t\t\t<p class=\"item-text\">N\u00e4r jag var yngre var jag alltid intresserad av att skapa saker, men hade inget intresse f\u00f6r teknik. Faktum \u00e4r att&#8230;<\/p>\n\t\t<\/div>\n\t<\/a>\n<\/div>\n\t\t\t\t\t\t\n\t\t\t\t\n\n<div class=\"grid-item post \">\n\t<a href=\"https:\/\/ductus.global\/sv\/mot-elisabeth-projektledare-och-prisbelont-forfattare\/\" class=\"block-link\" title=\"M\u00f6t Elisabeth, projektledare och prisbel\u00f6nt f\u00f6rfattare\">\n        \t\t<figura class=\"grid-item-image\">\n            <img decoding=\"async\" src=\"https:\/\/ductus.global\/wp-content\/uploads\/2025\/03\/Elisabeth-preview-836x441.jpeg\" alt=\"M\u00f6t Elisabeth, projektledare och prisbel\u00f6nt f\u00f6rfattare\">\n        <\/figura>\n                \t\t<div class=\"inner\">\n\t\t\t<span class=\"item-title alt-heading-font\">M\u00f6t Elisabeth, projektledare och prisbel\u00f6nt f\u00f6rfattare<\/span>\n\t\t\t<p class=\"item-text\">Tidigt i min karri\u00e4r arbetade jag p\u00e5 ett f\u00f6retag som inf\u00f6rde ett nytt IT-system, d\u00e4r jag var involverad som&#8230;<\/p>\n\t\t<\/div>\n\t<\/a>\n<\/div>\n\t\t\t\t\t\t\n\t\t\t\t\n\n<div class=\"grid-item post \">\n\t<a href=\"https:\/\/ductus.global\/sv\/mot-julia-mjukvaruingenjor-problemlosare-och-add-her-vinnare\/\" class=\"block-link\" title=\"M\u00f6t Julia, mjukvaruingenj\u00f6r, probleml\u00f6sare och #addher-vinnare\">\n        \t\t<figura class=\"grid-item-image\">\n            <img decoding=\"async\" src=\"https:\/\/ductus.global\/wp-content\/uploads\/2025\/01\/women-in-tech-image-julia-441x441.jpeg\" alt=\"M\u00f6t Julia, mjukvaruingenj\u00f6r, probleml\u00f6sare och #addher-vinnare\">\n        <\/figura>\n                \t\t<div class=\"inner\">\n\t\t\t<span class=\"item-title alt-heading-font\">M\u00f6t Julia, mjukvaruingenj\u00f6r, probleml\u00f6sare och #addher-vinnare<\/span>\n\t\t\t<p class=\"item-text\">Som barn spelade jag mycket tv-spel, men det var aldrig min plan att arbeta med tech, \u00e4ven om min mamma g\u00f6r det och&#8230;<\/p>\n\t\t<\/div>\n\t<\/a>\n<\/div>\n\t\t\t\t\t\t\n\t\t\t\t\n\n<div class=\"grid-item post \">\n\t<a href=\"https:\/\/ductus.global\/sv\/mot-vian-forandringsledaren-och-generalisten-som-gillar-struktur\/\" class=\"block-link\" title=\"M\u00f6t Vian, f\u00f6r\u00e4ndringsledaren och generalisten som gillar struktur\">\n        \t\t<figura class=\"grid-item-image\">\n            <img decoding=\"async\" src=\"https:\/\/ductus.global\/wp-content\/uploads\/2024\/02\/Vien_Bild-441x441.jpeg\" alt=\"M\u00f6t Vian, f\u00f6r\u00e4ndringsledaren och generalisten som gillar struktur\">\n        <\/figura>\n                \t\t<div class=\"inner\">\n\t\t\t<span class=\"item-title alt-heading-font\">M\u00f6t Vian, f\u00f6r\u00e4ndringsledaren och generalisten som gillar struktur<\/span>\n\t\t\t<p class=\"item-text\">Jag \u00e4r ingenj\u00f6r i grunden och \u00f6vertygad om att teknik kan g\u00f6ra det l\u00e4ttare f\u00f6r f\u00f6retag att driva sina&#8230;<\/p>\n\t\t<\/div>\n\t<\/a>\n<\/div>\n\t\t\t\t\t\t\t<\/div>\n\t\t\t<div class=\"button-item has-text-align-center\">\n            <form id=\"post-grid-block_661e64ba09a5b81c6f632527fc3da4ac_form\" class=\"submit_load_more\">\n                <input type=\"hidden\" name=\"item-args\" value='eyJ0ZW1wbGF0ZSI6IjAiLCJoaWRlX2ltYWdlcyI6ZmFsc2UsImhpZGVfY2F0ZWdvcnlfbGFiZWwiOnRydWUsImhpZGVfZGF0ZSI6dHJ1ZX0='\/>\n                <input type=\"hidden\" name=\"post-args\" value='eyJwb3N0c19wZXJfcGFnZSI6IjYiLCJwb3N0X3R5cGUiOlsiYW55Il0sIm9yZGVyYnkiOiJkYXRlIiwib3JkZXIiOiJkZXNjIiwiY2F0ZWdvcnkiOiI0MjIwIiwidGFnX19pbiI6bnVsbCwiZXhjbHVkZSI6W10sInBvc3RfX25vdF9pbiI6WzM0NDAwXSwic3VwcHJlc3NfZmlsdGVycyI6MH0='\/>\n\t\t\t    <button type=\"submit\" data-container=\"post-grid-block_661e64ba09a5b81c6f632527fc3da4ac\" class=\"post-grid-button\">Visa fler<\/button>\n            <\/form>\n\t\t<\/div>\n\t<\/section>\n\n\n\n<div style=\"height:100px\" aria-hidden=\"true\" class=\"wp-block-spacer is-style-responsive-medium\"><\/div>\n<\/div><\/div>\n","protected":false},"excerpt":{"rendered":"<p>Lisa Wedin hade aldrig planerat att bli utvecklare. Men n\u00e4r hon p\u00e5 n\u00e4ra h\u00e5ll fick se vad programmering faktiskt inneb\u00e4r best\u00e4mde hon sig, hoppade p\u00e5 en utbildning mitt under pandemin och bytte karri\u00e4r. I dag \u00e4r hon systemutvecklare p\u00e5 Ductus och ansvarig f\u00f6r ett uppdrag som kan f\u00f6r\u00e4ndra hur en hel myndighet fungerar. V\u00e4gen in [&hellip;]<\/p>\n","protected":false},"author":5,"featured_media":34394,"comment_status":"closed","ping_status":"closed","sticky":false,"template":"","format":"standard","meta":{"_acf_changed":false,"footnotes":""},"categories":[4221,4205,4227],"tags":[],"class_list":["post-34400","post","type-post","status-publish","format-standard","has-post-thumbnail","hentry","category-articles-sv","category-articles-lulea-sv","category-women-in-tech-sv"],"acf":[],"_links":{"self":[{"href":"https:\/\/ductus.global\/sv\/wp-json\/wp\/v2\/posts\/34400","targetHints":{"allow":["GET"]}}],"collection":[{"href":"https:\/\/ductus.global\/sv\/wp-json\/wp\/v2\/posts"}],"about":[{"href":"https:\/\/ductus.global\/sv\/wp-json\/wp\/v2\/types\/post"}],"author":[{"embeddable":true,"href":"https:\/\/ductus.global\/sv\/wp-json\/wp\/v2\/users\/5"}],"replies":[{"embeddable":true,"href":"https:\/\/ductus.global\/sv\/wp-json\/wp\/v2\/comments?post=34400"}],"version-history":[{"count":1,"href":"https:\/\/ductus.global\/sv\/wp-json\/wp\/v2\/posts\/34400\/revisions"}],"predecessor-version":[{"id":34401,"href":"https:\/\/ductus.global\/sv\/wp-json\/wp\/v2\/posts\/34400\/revisions\/34401"}],"wp:featuredmedia":[{"embeddable":true,"href":"https:\/\/ductus.global\/sv\/wp-json\/wp\/v2\/media\/34394"}],"wp:attachment":[{"href":"https:\/\/ductus.global\/sv\/wp-json\/wp\/v2\/media?parent=34400"}],"wp:term":[{"taxonomy":"category","embeddable":true,"href":"https:\/\/ductus.global\/sv\/wp-json\/wp\/v2\/categories?post=34400"},{"taxonomy":"post_tag","embeddable":true,"href":"https:\/\/ductus.global\/sv\/wp-json\/wp\/v2\/tags?post=34400"}],"curies":[{"name":"wp","href":"https:\/\/api.w.org\/{rel}","templated":true}]}}