{"id":34163,"date":"2025-12-17T15:02:39","date_gmt":"2025-12-17T14:02:39","guid":{"rendered":"https:\/\/ductus.global\/?p=34163"},"modified":"2025-12-17T15:06:53","modified_gmt":"2025-12-17T14:06:53","slug":"med-nyfiken-oppenhet-som-kompass","status":"publish","type":"post","link":"https:\/\/ductus.global\/sv\/med-nyfiken-oppenhet-som-kompass\/","title":{"rendered":"Med nyfiken \u00f6ppenhet som kompass"},"content":{"rendered":"\n<div class=\"wp-block-cover alignfull\"><img decoding=\"async\" width=\"1024\" height=\"320\" class=\"wp-block-cover__image-background wp-image-34001 size-large\" alt=\"\" src=\"https:\/\/ductus.global\/wp-content\/uploads\/2025\/10\/Purple-Ductus-background-144-1024x320.png\" data-object-fit=\"cover\" srcset=\"https:\/\/ductus.global\/wp-content\/uploads\/2025\/10\/Purple-Ductus-background-144-1024x320.png 1024w, https:\/\/ductus.global\/wp-content\/uploads\/2025\/10\/Purple-Ductus-background-144-300x94.png 300w, https:\/\/ductus.global\/wp-content\/uploads\/2025\/10\/Purple-Ductus-background-144-768x240.png 768w, https:\/\/ductus.global\/wp-content\/uploads\/2025\/10\/Purple-Ductus-background-144-160x50.png 160w, https:\/\/ductus.global\/wp-content\/uploads\/2025\/10\/Purple-Ductus-background-144-840x263.png 840w, https:\/\/ductus.global\/wp-content\/uploads\/2025\/10\/Purple-Ductus-background-144.png 1536w\" sizes=\"(max-width: 1024px) 100vw, 1024px\" \/><span aria-hidden=\"true\" class=\"wp-block-cover__background has-d-plum-dark-background-color has-background-dim-30 has-background-dim\"><\/span><div class=\"wp-block-cover__inner-container is-layout-constrained wp-block-cover-is-layout-constrained\">\n<div style=\"height:100px\" aria-hidden=\"true\" class=\"wp-block-spacer is-style-responsive-small\"><\/div>\n\n\n\n<div class=\"wp-block-columns is-layout-flex wp-container-core-columns-is-layout-9d6595d7 wp-block-columns-is-layout-flex\">\n<div class=\"wp-block-column is-vertically-aligned-center is-layout-flow wp-block-column-is-layout-flow\" style=\"flex-basis:50%\"><div class=\"wp-block-image is-style-rounded\">\n<figure class=\"aligncenter size-full is-resized\"><img decoding=\"async\" width=\"1400\" height=\"1400\" src=\"https:\/\/ductus.global\/wp-content\/uploads\/2025\/12\/Jonathan-Grundin.jpeg\" alt=\"\" class=\"wp-image-34154\" style=\"object-fit:contain;width:400px;height:400px\" srcset=\"https:\/\/ductus.global\/wp-content\/uploads\/2025\/12\/Jonathan-Grundin.jpeg 1400w, https:\/\/ductus.global\/wp-content\/uploads\/2025\/12\/Jonathan-Grundin-300x300.jpeg 300w, https:\/\/ductus.global\/wp-content\/uploads\/2025\/12\/Jonathan-Grundin-1024x1024.jpeg 1024w, https:\/\/ductus.global\/wp-content\/uploads\/2025\/12\/Jonathan-Grundin-150x150.jpeg 150w, https:\/\/ductus.global\/wp-content\/uploads\/2025\/12\/Jonathan-Grundin-768x768.jpeg 768w, https:\/\/ductus.global\/wp-content\/uploads\/2025\/12\/Jonathan-Grundin-50x50.jpeg 50w, https:\/\/ductus.global\/wp-content\/uploads\/2025\/12\/Jonathan-Grundin-512x512.jpeg 512w, https:\/\/ductus.global\/wp-content\/uploads\/2025\/12\/Jonathan-Grundin-441x441.jpeg 441w\" sizes=\"(max-width: 1400px) 100vw, 1400px\" \/><\/figure>\n<\/div><\/div>\n\n\n\n<div class=\"wp-block-column is-vertically-aligned-center is-layout-flow wp-block-column-is-layout-flow\" style=\"flex-basis:50%\">\n<h2 class=\"wp-block-heading has-text-align-left\" id=\"h-ductus-stories\" style=\"font-size:20px\">DUCTUS STORIES<\/h2>\n\n\n\n<h1 class=\"wp-block-heading has-text-align-left\" id=\"h-med-nyfiken-oppenhet-som-kompass\" style=\"font-size:38px\">Med nyfiken \u00f6ppenhet som kompass<\/h1>\n<\/div>\n<\/div>\n<\/div><\/div>\n\n\n\n<div style=\"height:100px\" aria-hidden=\"true\" class=\"wp-block-spacer is-style-responsive-medium\"><\/div>\n\n\n\n<p class=\"has-preamble-font-size\">Direkt efter examensarbetet i Karlstad flyttade Jonathan Grundin till Skellefte\u00e5 \u2013 lockad av riktiga vintrar, n\u00e4rhet till naturen och m\u00f6jligheten att st\u00e5 mer p\u00e5 egna ben och skapa nya kontakter. Genom sin nyfikna \u00f6ppenhet har han vuxit in i rollen som systemutvecklare och drivs av att f\u00e5 g\u00f6ra skillnad, b\u00e5de f\u00f6r kunder och kollegor. H\u00e4r ber\u00e4ttar han om sin resa och varf\u00f6r han k\u00e4nner sig hemma p\u00e5 Ductus.<\/p>\n\n\n\n<div style=\"height:100px\" aria-hidden=\"true\" class=\"wp-block-spacer is-style-responsive-small\"><\/div>\n\n\n\n<div class=\"wp-block-columns is-layout-flex wp-container-core-columns-is-layout-9d6595d7 wp-block-columns-is-layout-flex\">\n<div class=\"wp-block-column is-layout-flow wp-block-column-is-layout-flow\" style=\"flex-basis:30%\">\n<div class=\"wp-block-group is-style-rounded-corners has-ductus-lightgray-background-color has-background\"><div class=\"wp-block-group__inner-container is-layout-constrained wp-block-group-is-layout-constrained\"><div class=\"wp-block-image is-style-rounded\">\n<figure class=\"aligncenter size-full is-resized\"><img decoding=\"async\" width=\"810\" height=\"810\" src=\"https:\/\/ductus.global\/wp-content\/uploads\/2025\/12\/Jonathan-Grundin-ava.jpeg\" alt=\"\" class=\"wp-image-34157\" style=\"object-fit:cover;width:150px;height:150px\" srcset=\"https:\/\/ductus.global\/wp-content\/uploads\/2025\/12\/Jonathan-Grundin-ava.jpeg 810w, https:\/\/ductus.global\/wp-content\/uploads\/2025\/12\/Jonathan-Grundin-ava-300x300.jpeg 300w, https:\/\/ductus.global\/wp-content\/uploads\/2025\/12\/Jonathan-Grundin-ava-150x150.jpeg 150w, https:\/\/ductus.global\/wp-content\/uploads\/2025\/12\/Jonathan-Grundin-ava-768x768.jpeg 768w, https:\/\/ductus.global\/wp-content\/uploads\/2025\/12\/Jonathan-Grundin-ava-50x50.jpeg 50w, https:\/\/ductus.global\/wp-content\/uploads\/2025\/12\/Jonathan-Grundin-ava-512x512.jpeg 512w, https:\/\/ductus.global\/wp-content\/uploads\/2025\/12\/Jonathan-Grundin-ava-441x441.jpeg 441w\" sizes=\"(max-width: 810px) 100vw, 810px\" \/><\/figure>\n<\/div>\n\n\n<h3 class=\"wp-block-heading has-text-align-center has-d-apricot-dark-color has-text-color has-link-color wp-elements-95ddae9023c50aab82890ec75a28da44\" id=\"h-kort-om-jonathan\">Kort om Jonathan<\/h3>\n\n\n\n<p><strong>Namn:<\/strong> Jonathan Grundin<\/p>\n\n\n\n<p><strong>Roll:<\/strong> Systemutvecklare<\/p>\n\n\n\n<p><strong>Ort:<\/strong> Skellefte\u00e5<\/p>\n\n\n\n<p><strong>B\u00f6rjade p\u00e5 Ductus:<\/strong> 2023<\/p>\n\n\n\n<p><strong>Bakgrund:<\/strong> Dataingenj\u00f6r fr\u00e5n Karlstad<\/p>\n<\/div><\/div>\n<\/div>\n\n\n\n<div class=\"wp-block-column is-layout-flow wp-block-column-is-layout-flow\" style=\"flex-basis:70%\">\n<h3 class=\"wp-block-heading has-ductus-darkblue-color has-text-color has-link-color wp-elements-fc701db17c43eb0af3c865fdf9f24d94\" id=\"h-skiftande-utmaningar\">Skiftande utmaningar<\/h3>\n\n\n\n<p class=\"has-regular-font-size\">Jonathan beskriver konsultrollen som n\u00e5got i st\u00e4ndig r\u00f6relse. Uppdragen skiftar, teamen f\u00f6r\u00e4ndras och utmaningarna tar nya former \u2013 vilket \u00e4r precis det han trivs med.<\/p>\n\n\n\n<p>\u201cMitt jobb som konsult g\u00e5r ut p\u00e5 att g\u00f6ra olika uppdrag emot flera typer av kunder. Det kan variera v\u00e4ldigt mycket, men oftast handlar det om n\u00e5gon typ av systemutveckling f\u00f6r just deras system.\u201d<\/p>\n\n\n\n<p>Som konsult uppskattar han ocks\u00e5 m\u00f6jligheten att f\u00e5 inblick i olika verksamheter och se hur systemen anv\u00e4nds i praktiken. Vid ett uppdrag fick han f\u00f6lja delar av kundens arbete p\u00e5 plats \u2013 n\u00e5got som gav en f\u00f6rdjupad f\u00f6rst\u00e5else f\u00f6r sammanhanget.<\/p>\n\n\n\n<p>\u201cDet var v\u00e4ldigt h\u00e4ftigt och intressant att f\u00e5 en helt ny f\u00f6rst\u00e5else f\u00f6r hur allt h\u00e4nger ihop.\u201d<\/p>\n\n\n\n<h3 class=\"wp-block-heading has-ductus-darkblue-color has-text-color has-link-color wp-elements-fd049cb4721cc39586cccd5ee5310a27\" id=\"h-en-dag-pa-jobbet\">En dag p\u00e5 jobbet<\/h3>\n\n\n\n<p>Arbetsdagen b\u00f6rjar med kaffe, banan och en snabb koll i mejlen.<\/p>\n\n\n\n<p>&#8221;Klockan 09:00 har jag mitt f\u00f6rsta m\u00f6te f\u00f6r dagen tillsammans med kundens utvecklarteam. Vi g\u00e5r igenom status p\u00e5 de olika projekten och vad som ska g\u00f6ras. Ibland l\u00f6ser vi \u00e4ven kodproblem tillsammans.&#8221;<\/p>\n\n\n\n<p>Resten av dagen ser olika ut. Ibland v\u00e4ntar m\u00f6ten med olika intressenter hos kunden, ibland \u00e4r det parprogrammering i teamet som st\u00e5r p\u00e5 schemat. Andra dagar inneb\u00e4r mer fokus och eget kodande med musik i lurarna.<\/p>\n\n\n\n<p>P\u00e5 fredagar sammanst\u00e4ller han det som blivit gjort \u2013 en rutin som g\u00f6r det l\u00e4ttare att ta helg och b\u00f6rja om med tydlighet p\u00e5 m\u00e5ndagen.<\/p>\n\n\n\n<h3 class=\"wp-block-heading has-ductus-darkblue-color has-text-color has-link-color wp-elements-f29ff8fcddfb59484682bf7455ef19ff\" id=\"h-att-gora-skillnad\">Att g\u00f6ra skillnad<\/h3>\n\n\n\n<p>En viktig drivkraft f\u00f6r Jonathan \u00e4r att f\u00e5 g\u00f6ra skillnad, b\u00e5de i kundprojekten och bland kollegorna.<\/p>\n\n\n\n<p>&#8221;Det som ger mig mest energi \u00e4r n\u00e4r jag m\u00e4rker att mitt arbete g\u00f6r skillnad. Det \u00e4r v\u00e4ldigt kul att f\u00e5 h\u00f6ra fr\u00e5n kunden att de \u00e4r n\u00f6jda med det jag har gjort.&#8221;<\/p>\n\n\n\n<p>Jonathan bryr sig ocks\u00e5 om st\u00e4mningen p\u00e5 kontoret och anordnar g\u00e4rna aktiviteter som bidrar till gemenskapen.<\/p>\n\n\n\n<p>&#8221;Jag f\u00e5r ocks\u00e5 energi av att h\u00f6ra fr\u00e5n kollegorna att det uppskattas. Jag tycker det \u00e4r viktigt att man trivs och har det kul p\u00e5 sitt jobb.&#8221;<\/p>\n\n\n\n<h3 class=\"wp-block-heading has-ductus-darkblue-color has-text-color has-link-color wp-elements-ac7c8f6e55ed795f0f6e6d66e9f33255\" id=\"h-oppenhet-och-nyfikenhet-som-arbetssatt\">\u00d6ppenhet och nyfikenhet som arbetss\u00e4tt<\/h3>\n\n\n\n<p>I b\u00f6rjan av nya uppdrag fokuserar Jonathan p\u00e5 att bidra med energi och \u00f6ppenhet. F\u00f6r honom handlar det om att vara n\u00e4rvarande, lyssna och v\u00e5ga fr\u00e5ga.<\/p>\n\n\n\n<p>\u201cJag brukar t\u00e4nka p\u00e5 att vara positiv och glad, och inte vara r\u00e4dd f\u00f6r att st\u00e4lla fr\u00e5gor.\u201d<\/p>\n\n\n\n<p>Nyfikenheten \u00e4r en av hans st\u00f6rsta tillg\u00e5ngar. Den hj\u00e4lper honom f\u00f6rst\u00e5 tekniken, verksamheten och hur teamet fungerar. N\u00e4r han st\u00f6ter p\u00e5 hinder \u00e4r det naturligt f\u00f6r honom att v\u00e4nda sig till teamet f\u00f6rst.<\/p>\n\n\n\n<p>\u201cOm jag k\u00f6r fast tar jag upp det med utvecklarteamet f\u00f6rst. Annars fr\u00e5gar jag n\u00e5gon p\u00e5 kontoret. Det finns alltid n\u00e5gon som vill hj\u00e4lpa.\u201d<\/p>\n\n\n\n<p>Just nu har han s\u00e4rskilt nytta av sitt intresse f\u00f6r frontend-utveckling, framf\u00f6r allt inom Blazor och .NET. Samtidigt vill han forts\u00e4tta utmana sig sj\u00e4lv och l\u00e4ra sig mer.<\/p>\n\n\n\n<h3 class=\"wp-block-heading has-ductus-darkblue-color has-text-color has-link-color wp-elements-6535e0456b797db41bbbfe9b41a1b697\" id=\"h-familjar-och-positiv-arbetsmiljo\">Familj\u00e4r och positiv arbetsmilj\u00f6<\/h3>\n\n\n\n<p>N\u00e4r Jonathan beskriver Ductus \u00e4r det tydligt hur viktig kulturen \u00e4r f\u00f6r honom. Balansen mellan arbete och fritid \u00e4r inte bara n\u00e5got som n\u00e4mns \u2013 det m\u00e4rks i hur f\u00f6retaget fungerar.<\/p>\n\n\n\n<p>\u201cDuctus har ett &#8217;people first&#8217;-syns\u00e4tt. Det m\u00e4rks verkligen.\u201d<\/p>\n\n\n\n<p>Han ser kulturen som familj\u00e4r och st\u00f6ttande. Kollegor kliver in f\u00f6r varandra, st\u00f6ttar i projekten och finns d\u00e4r n\u00e4r n\u00e5gon beh\u00f6ver hj\u00e4lp. Den positiva tonen ger trygghet att v\u00e4xa.<\/p>\n\n\n\n<p>&#8221;\u00d6verlag \u00e4r det en v\u00e4ldigt familj\u00e4r och positiv milj\u00f6 p\u00e5 kontoret med riktigt h\u00e4rliga kollegor. Det tycker jag om.&#8221;<\/p>\n\n\n\n<p>Under sin tid p\u00e5 Ductus har han utvecklats b\u00e5de tekniskt och personligt. Han har f\u00e5tt v\u00e4xa som individ och litar p\u00e5 sig sj\u00e4lv p\u00e5 ett helt annat s\u00e4tt \u00e4n n\u00e4r han kom direkt fr\u00e5n universitetet.<\/p>\n\n\n\n<p>&#8221;Jag har utvecklat min f\u00f6rm\u00e5ga att ta ansvar, samarbeta i team och kommunicera tydligt.&#8221;<\/p>\n\n\n\n<h3 class=\"wp-block-heading has-ductus-darkblue-color has-text-color has-link-color wp-elements-ffed22c0ea1488819d1d3ae9e7340119\" id=\"h-avkoppling-som-ger-energi\">Avkoppling som ger energi<\/h3>\n\n\n\n<p>F\u00f6r att fylla p\u00e5 med energi tr\u00e4nar Jonathan styrka flera g\u00e5nger i veckan. Det som b\u00f6rjade som en tr\u00e4ningsperiod \u2013 en liten egen \u2019gym arc\u2019 \u2013 har blivit en viktig rutin f\u00f6r att rensa tankarna. Han spelar ocks\u00e5 g\u00e4rna spel.<\/p>\n\n\n\n<p>\u201cJag spelar figurspelet Warhammer 40K. Det \u00e4r ett ov\u00e4ntat intresse som kanske inte alla vet om.\u201d<\/p>\n\n\n\n<h3 class=\"wp-block-heading has-ductus-darkblue-color has-text-color has-link-color wp-elements-bbafa79db03a77da3d9a35d00afd1e9d\" id=\"h-framtiden\">Framtiden<\/h3>\n\n\n\n<p>Jonathan ser fram emot att forts\u00e4tta utvecklas som systemutvecklare och ta mer ansvar i projekten. Att l\u00e4ra sig nya saker och utmana sig sj\u00e4lv \u00e4r n\u00e5got han trivs med.<\/p>\n\n\n\n<p>\u201cJag tror det kommande \u00e5ret blir b\u00e5de l\u00e4rorikt och v\u00e4ldigt roligt.\u201d<\/p>\n\n\n\n<p>Precis som n\u00e4r han tog steget norrut lockas han av att forts\u00e4tta utvecklas. M\u00f6jligheten att v\u00e4xa, testa nytt och bygga vidare p\u00e5 det han l\u00e4rt sig. Och just d\u00e4rf\u00f6r k\u00e4nns Ductus som r\u00e4tt plats f\u00f6r honom.<\/p>\n<\/div>\n<\/div>\n\n\n\n<div class=\"wp-block-group alignfull\"><div class=\"wp-block-group__inner-container is-layout-flow wp-block-group-is-layout-flow\">\n<div style=\"height:40px\" aria-hidden=\"true\" class=\"wp-block-spacer\"><\/div>\n\n\n<div class=\"cta-button wp-block-button ductus-cta-block aligncenter\">\n\t\t\t<a href=\"\/careers\/#job-openings\"  \t\t\t\tclass=\"ductus-btn-angle has-ductus-orange-background-color md\"\n\t\t\t\tdata-gtmtrack=\"true\" data-trackelement=\"call-to-action\"\n\t\t\t\tdata-trackvalue=\"Check out our job openings\">Check out our job openings<\/a>\n\t\t<\/div>\n\n\n\t\t<section id=\"social-share-block_29e6a261020d6ab3a3900f9c8c3205a6\" class=\"ductus-gutenberg ductus-social-share-block\">\n\t\t\t<div class=\"inner\">\n\t\t\t\t<nav class=\"social-share post-34163\" role=\"navigation\" aria-label=\"Social Links Menu\"><div class=\"menu-social-container\"><ul class=\"social-links-menu\"><li class=\"menu-item\"><a class=\"social-share-link social-share-x\" title=\"x\" href=\"https:\/\/twitter.com\/intent\/tweet?text=Med%20nyfiken%20\u00f6ppenhet%20som%20kompass&amp;url=https%3A%2F%2Fductus.global%2Fsv%2Fmed-nyfiken-oppenhet-som-kompass%2F\" target=\"_blank\" rel=\"noopener\" alt=\"Share on X\"><svg class=\"svg-icon\" aria-hidden=\"true\" role=\"img\" focusable=\"false\" width=\"24\" height=\"24\" viewBox=\"0 0 24 24\" xmlns=\"http:\/\/www.w3.org\/2000\/svg\"><path d=\"M13.982 10.622 20.54 3h-1.554l-5.693 6.618L8.745 3H3.5l6.876 10.007L3.5 21h1.554l6.012-6.989L15.868 21h5.245l-7.131-10.378Zm-2.128 2.474-.697-.997-5.543-7.93H8l4.474 6.4.697.996 5.815 8.318h-2.387l-4.745-6.787Z\"><\/path><\/svg><\/a><\/li><li class=\"menu-item\"><a class=\"social-share-link social-share-facebook\" title=\"facebook\" href=\"https:\/\/www.facebook.com\/sharer\/sharer.php?u=https%3A%2F%2Fductus.global%2Fsv%2Fmed-nyfiken-oppenhet-som-kompass%2F\" target=\"_blank\" rel=\"noopener\" alt=\"Share on Facebook\"><svg class=\"svg-icon\" aria-hidden=\"true\" role=\"img\" focusable=\"false\" width=\"24\" height=\"24\" viewBox=\"0 0 24 24\" xmlns=\"http:\/\/www.w3.org\/2000\/svg\"><path d=\"M12 2C6.5 2 2 6.5 2 12c0 5 3.7 9.1 8.4 9.9v-7H7.9V12h2.5V9.8c0-2.5 1.5-3.9 3.8-3.9 1.1 0 2.2.2 2.2.2v2.5h-1.3c-1.2 0-1.6.8-1.6 1.6V12h2.8l-.4 2.9h-2.3v7C18.3 21.1 22 17 22 12c0-5.5-4.5-10-10-10z\"><\/path><\/svg><\/a><\/li><li class=\"menu-item\"><a class=\"social-share-link social-share-linkedin\" title=\"linkedin\" href=\"https:\/\/www.linkedin.com\/shareArticle?mini=true&#038;url=https%3A%2F%2Fductus.global%2Fsv%2Fmed-nyfiken-oppenhet-som-kompass%2F&amp;title=Med%20nyfiken%20\u00f6ppenhet%20som%20kompass\" target=\"_blank\" rel=\"noopener\" alt=\"Share on Linkedin\"><svg class=\"svg-icon\" aria-hidden=\"true\" role=\"img\" focusable=\"false\" width=\"24\" height=\"24\" viewBox=\"0 0 24 24\" xmlns=\"http:\/\/www.w3.org\/2000\/svg\"><path d=\"M19.7,3H4.3C3.582,3,3,3.582,3,4.3v15.4C3,20.418,3.582,21,4.3,21h15.4c0.718,0,1.3-0.582,1.3-1.3V4.3 C21,3.582,20.418,3,19.7,3z M8.339,18.338H5.667v-8.59h2.672V18.338z M7.004,8.574c-0.857,0-1.549-0.694-1.549-1.548 c0-0.855,0.691-1.548,1.549-1.548c0.854,0,1.547,0.694,1.547,1.548C8.551,7.881,7.858,8.574,7.004,8.574z M18.339,18.338h-2.669 v-4.177c0-0.996-0.017-2.278-1.387-2.278c-1.389,0-1.601,1.086-1.601,2.206v4.249h-2.667v-8.59h2.559v1.174h0.037 c0.356-0.675,1.227-1.387,2.526-1.387c2.703,0,3.203,1.779,3.203,4.092V18.338z\"><\/path><\/svg><\/a><\/li><li class=\"menu-item\"><a class=\"social-share-link social-share-mail\" title=\"mail\" href=\"mailto:?subject=Share: Med%20nyfiken%20\u00f6ppenhet%20som%20kompass&amp;body=Med%20nyfiken%20\u00f6ppenhet%20som%20kompass%0D%0A%0D%0A%0D%0A%0D%0ARead more: https%3A%2F%2Fductus.global%2Fsv%2Fmed-nyfiken-oppenhet-som-kompass%2F\" target=\"_blank\" rel=\"noopener\" alt=\"Share on Mail\"><svg class=\"svg-icon\" aria-hidden=\"true\" role=\"img\" focusable=\"false\" width=\"24\" height=\"24\" viewBox=\"0 0 24 24\" xmlns=\"http:\/\/www.w3.org\/2000\/svg\"><path d=\"M20,4H4C2.895,4,2,4.895,2,6v12c0,1.105,0.895,2,2,2h16c1.105,0,2-0.895,2-2V6C22,4.895,21.105,4,20,4z M20,8.236l-8,4.882 L4,8.236V6h16V8.236z\"><\/path><\/svg><\/a><\/li><\/ul><\/div><\/nav>\n\t\t\t<\/div>\n\t\t<\/section>\n<\/div><\/div>\n\n\n\n<div style=\"height:100px\" aria-hidden=\"true\" class=\"wp-block-spacer is-style-responsive-medium\"><\/div>\n\n\n\n<div class=\"wp-block-group alignfull has-d-mocha-light-background-color has-background\"><div class=\"wp-block-group__inner-container is-layout-constrained wp-block-group-is-layout-constrained\">\n<div style=\"height:100px\" aria-hidden=\"true\" class=\"wp-block-spacer is-style-responsive-small\"><\/div>\n\n\n\n<section id=\"post-grid-block_e98f7fef328cbd91b00c5c56f220c37c\" class=\"post-grid aligncenter template-0\">\n\t<div class=\"inner-grid columns-3\">\n\t\t\n\t\t\t\t\n\n<div class=\"grid-item post \">\n\t<a href=\"https:\/\/ductus.global\/sv\/koden-kollegorna-och-catullus\/\" class=\"block-link\" title=\"Koden, kollegorna och Catullus\">\n        \t\t<figura class=\"grid-item-image\">\n            <img decoding=\"async\" src=\"https:\/\/ductus.global\/wp-content\/uploads\/2026\/02\/Carl-Inberg-header.jpg\" alt=\"Koden, kollegorna och Catullus\">\n        <\/figura>\n                \t\t<div class=\"inner\">\n\t\t\t<span class=\"item-title alt-heading-font\">Koden, kollegorna och Catullus<\/span>\n\t\t\t<p class=\"item-text\">Carl Inberg b\u00f6rjade sin karri\u00e4r inom spelutveckling, men jobbar idag som mjukvaruutvecklare med en specialistroll&#8230;<\/p>\n\t\t<\/div>\n\t<\/a>\n<\/div>\n\t\t\t\t\t\t\n\t\t\t\t\n\n<div class=\"grid-item post \">\n\t<a href=\"https:\/\/ductus.global\/sv\/victor-fann-sin-vag-fran-gymnasiet-till-systemutvecklare\/\" class=\"block-link\" title=\"Victor fann sin v\u00e4g \u2013 fr\u00e5n gymnasiet till systemutvecklare\">\n        \t\t<figura class=\"grid-item-image\">\n            <img decoding=\"async\" src=\"https:\/\/ductus.global\/wp-content\/uploads\/2025\/10\/Victor-Forsgren-preview-706x441.jpg\" alt=\"Victor fann sin v\u00e4g \u2013 fr\u00e5n gymnasiet till systemutvecklare\">\n        <\/figura>\n                \t\t<div class=\"inner\">\n\t\t\t<span class=\"item-title alt-heading-font\">Victor fann sin v\u00e4g \u2013 fr\u00e5n gymnasiet till systemutvecklare<\/span>\n\t\t\t<p class=\"item-text\">N\u00e4r Victor Forsgren var f\u00e4rdig med gymnasiet stod han inf\u00f6r ett v\u00e4gval. Universitetet lockade, men en kv\u00e4ll&#8230;<\/p>\n\t\t<\/div>\n\t<\/a>\n<\/div>\n\t\t\t\t\t\t\n\t\t\t\t\n\n<div class=\"grid-item post \">\n\t<a href=\"https:\/\/ductus.global\/sv\/meet-anders-essner-ductus-malmo-site-manager\/\" class=\"block-link\" title=\"Meet Anders Essner: Ductus Malm\u00f6 Site Manager\">\n        \t\t<figura class=\"grid-item-image\">\n            <img decoding=\"async\" src=\"https:\/\/ductus.global\/wp-content\/uploads\/2023\/12\/Anders_Essner-586x441.jpg\" alt=\"Meet Anders Essner: Ductus Malm\u00f6 Site Manager\">\n        <\/figura>\n                \t\t<div class=\"inner\">\n\t\t\t<span class=\"item-title alt-heading-font\">Meet Anders Essner: Ductus Malm\u00f6 Site Manager<\/span>\n\t\t\t<p class=\"item-text\">How did you end up at Ductus? I started my career at Ericsson. Funnily enough it was in Skellefte\u00e5 where the Ductus HQ&#8230;<\/p>\n\t\t<\/div>\n\t<\/a>\n<\/div>\n\t\t\t\t\t\t\n\t\t\t\t\n\n<div class=\"grid-item post \">\n\t<a href=\"https:\/\/ductus.global\/sv\/fran-call-center-till-molntjanst-entusiast-traffa-karl-jonsson\/\" class=\"block-link\" title=\"Fr\u00e5n call center till molntj\u00e4nst-entusiast: tr\u00e4ffa Karl Jonsson\">\n        \t\t<figura class=\"grid-item-image\">\n            <img decoding=\"async\" src=\"https:\/\/ductus.global\/wp-content\/uploads\/2023\/10\/Karl_Jonsson-512x441.jpg\" alt=\"Fr\u00e5n call center till molntj\u00e4nst-entusiast: tr\u00e4ffa Karl Jonsson\">\n        <\/figura>\n                \t\t<div class=\"inner\">\n\t\t\t<span class=\"item-title alt-heading-font\">Fr\u00e5n call center till molntj\u00e4nst-entusiast: tr\u00e4ffa Karl Jonsson<\/span>\n\t\t\t<p class=\"item-text\">Vi tr\u00e4ffar Karl Jonsson som jobbar som it-konsult p\u00e5 Ductus i Skellefte\u00e5. Han ber\u00e4ttar om vilka uppdrag han haft&#8230;<\/p>\n\t\t<\/div>\n\t<\/a>\n<\/div>\n\t\t\t\t\t\t\n\t\t\t\t\n\n<div class=\"grid-item post \">\n\t<a href=\"https:\/\/ductus.global\/sv\/lyckat-hackathon-i-lulea\/\" class=\"block-link\" title=\"Lyckat hackathon i Lule\u00e5\">\n        \t\t<figura class=\"grid-item-image\">\n            <img decoding=\"async\" src=\"https:\/\/ductus.global\/wp-content\/uploads\/2023\/11\/hackathon-840x441.jpg\" alt=\"Lyckat hackathon i Lule\u00e5\">\n        <\/figura>\n                \t\t<div class=\"inner\">\n\t\t\t<span class=\"item-title alt-heading-font\">Lyckat hackathon i Lule\u00e5<\/span>\n\t\t\t<p class=\"item-text\">Under en intensiv eftermiddag och kv\u00e4ll i september genomf\u00f6rdes ett mycket uppskattat hackathon p\u00e5 Ductus kontor i&#8230;<\/p>\n\t\t<\/div>\n\t<\/a>\n<\/div>\n\t\t\t\t\t\t\n\t\t\t\t\n\n<div class=\"grid-item post \">\n\t<a href=\"https:\/\/ductus.global\/sv\/anders-hermanson-data-ductus-lulea-site-manager\/\" class=\"block-link\" title=\"M\u00f6t Anders Hermanson &#8211; v\u00e5r Site Manager i Lule\u00e5\">\n        \t\t<figura class=\"grid-item-image\">\n            <img decoding=\"async\" src=\"https:\/\/ductus.global\/wp-content\/uploads\/2023\/09\/Anders-Hermanson-663x441.jpg\" alt=\"M\u00f6t Anders Hermanson &#8211; v\u00e5r Site Manager i Lule\u00e5\">\n        <\/figura>\n                \t\t<div class=\"inner\">\n\t\t\t<span class=\"item-title alt-heading-font\">M\u00f6t Anders Hermanson &#8211; v\u00e5r Site Manager i Lule\u00e5<\/span>\n\t\t\t<p class=\"item-text\">Hur l\u00e4nge har du jobbat p\u00e5 Ductus? Det beror p\u00e5 hur man ser p\u00e5 det. Jag var tidigare vd f\u00f6r BnearIT i Lule\u00e5 som i&#8230;<\/p>\n\t\t<\/div>\n\t<\/a>\n<\/div>\n\t\t\t\t\t\t\t<\/div>\n\t\t\t<div class=\"button-item has-text-align-center\">\n            <form id=\"post-grid-block_e98f7fef328cbd91b00c5c56f220c37c_form\" class=\"submit_load_more\">\n                <input type=\"hidden\" name=\"item-args\" value='eyJ0ZW1wbGF0ZSI6IjAiLCJoaWRlX2ltYWdlcyI6ZmFsc2UsImhpZGVfY2F0ZWdvcnlfbGFiZWwiOnRydWUsImhpZGVfZGF0ZSI6dHJ1ZX0='\/>\n                <input type=\"hidden\" name=\"post-args\" value='eyJwb3N0c19wZXJfcGFnZSI6IjYiLCJwb3N0X3R5cGUiOlsiYW55Il0sIm9yZGVyYnkiOiJkYXRlIiwib3JkZXIiOiJkZXNjIiwiY2F0ZWdvcnkiOiI3MSwgNDI5OSIsInRhZ19faW4iOm51bGwsImV4Y2x1ZGUiOltdLCJwb3N0X19ub3RfaW4iOlszNDE2M10sInN1cHByZXNzX2ZpbHRlcnMiOjB9'\/>\n\t\t\t    <button type=\"submit\" data-container=\"post-grid-block_e98f7fef328cbd91b00c5c56f220c37c\" class=\"post-grid-button\">Visa fler<\/button>\n            <\/form>\n\t\t<\/div>\n\t<\/section>\n\n\n\n<div style=\"height:100px\" aria-hidden=\"true\" class=\"wp-block-spacer is-style-responsive-medium\"><\/div>\n<\/div><\/div>\n","protected":false},"excerpt":{"rendered":"<p>Direkt efter examensarbetet i Karlstad flyttade Jonathan Grundin till Skellefte\u00e5 \u2013 lockad av riktiga vintrar, n\u00e4rhet till naturen och m\u00f6jligheten att st\u00e5 mer p\u00e5 egna ben och skapa nya kontakter.<\/p>\n","protected":false},"author":5,"featured_media":34160,"comment_status":"closed","ping_status":"closed","sticky":false,"template":"","format":"standard","meta":{"_acf_changed":false,"footnotes":""},"categories":[4221,4216,4300],"tags":[],"class_list":["post-34163","post","type-post","status-publish","format-standard","has-post-thumbnail","hentry","category-articles-sv","category-articles-skelleftea-sv","category-sv-ductus-stories"],"acf":[],"_links":{"self":[{"href":"https:\/\/ductus.global\/sv\/wp-json\/wp\/v2\/posts\/34163","targetHints":{"allow":["GET"]}}],"collection":[{"href":"https:\/\/ductus.global\/sv\/wp-json\/wp\/v2\/posts"}],"about":[{"href":"https:\/\/ductus.global\/sv\/wp-json\/wp\/v2\/types\/post"}],"author":[{"embeddable":true,"href":"https:\/\/ductus.global\/sv\/wp-json\/wp\/v2\/users\/5"}],"replies":[{"embeddable":true,"href":"https:\/\/ductus.global\/sv\/wp-json\/wp\/v2\/comments?post=34163"}],"version-history":[{"count":1,"href":"https:\/\/ductus.global\/sv\/wp-json\/wp\/v2\/posts\/34163\/revisions"}],"predecessor-version":[{"id":34164,"href":"https:\/\/ductus.global\/sv\/wp-json\/wp\/v2\/posts\/34163\/revisions\/34164"}],"wp:featuredmedia":[{"embeddable":true,"href":"https:\/\/ductus.global\/sv\/wp-json\/wp\/v2\/media\/34160"}],"wp:attachment":[{"href":"https:\/\/ductus.global\/sv\/wp-json\/wp\/v2\/media?parent=34163"}],"wp:term":[{"taxonomy":"category","embeddable":true,"href":"https:\/\/ductus.global\/sv\/wp-json\/wp\/v2\/categories?post=34163"},{"taxonomy":"post_tag","embeddable":true,"href":"https:\/\/ductus.global\/sv\/wp-json\/wp\/v2\/tags?post=34163"}],"curies":[{"name":"wp","href":"https:\/\/api.w.org\/{rel}","templated":true}]}}