{"id":27732,"date":"2023-06-08T08:40:18","date_gmt":"2023-06-08T07:40:18","guid":{"rendered":"https:\/\/stage.dataductus.com\/?p=27732"},"modified":"2025-07-07T13:07:10","modified_gmt":"2025-07-07T12:07:10","slug":"data-ductus-uppsala-site-manager-ludwig-eriksson","status":"publish","type":"post","link":"https:\/\/ductus.global\/sv\/data-ductus-uppsala-site-manager-ludwig-eriksson\/","title":{"rendered":"Ductus Uppsala Site Manager, Ludwig Eriksson"},"content":{"rendered":"\n<div class=\"wp-block-cover alignfull\" style=\"min-height:300px;aspect-ratio:unset;\"><img decoding=\"async\" width=\"1024\" height=\"341\" class=\"wp-block-cover__image-background wp-image-30245 size-large\" alt=\"\" src=\"https:\/\/ductus.global\/wp-content\/uploads\/2024\/03\/background-4-1024x341.png\" data-object-fit=\"cover\" srcset=\"https:\/\/ductus.global\/wp-content\/uploads\/2024\/03\/background-4-1024x341.png 1024w, https:\/\/ductus.global\/wp-content\/uploads\/2024\/03\/background-4-300x100.png 300w, https:\/\/ductus.global\/wp-content\/uploads\/2024\/03\/background-4-768x256.png 768w, https:\/\/ductus.global\/wp-content\/uploads\/2024\/03\/background-4-150x50.png 150w, https:\/\/ductus.global\/wp-content\/uploads\/2024\/03\/background-4-840x280.png 840w, https:\/\/ductus.global\/wp-content\/uploads\/2024\/03\/background-4.png 1200w\" sizes=\"(max-width: 1024px) 100vw, 1024px\" \/><span aria-hidden=\"true\" class=\"wp-block-cover__background has-d-plum-dark-background-color has-background-dim-70 has-background-dim\"><\/span><div class=\"wp-block-cover__inner-container is-layout-constrained wp-block-cover-is-layout-constrained\">\n<p class=\"has-text-align-center has-ductus-white-color has-text-color has-link-color wp-elements-9b6e404dfccc71fc54b1378642faf31c\" style=\"font-size:20px\">ARTICLE<\/p>\n\n\n\n<h1 class=\"wp-block-heading has-text-align-center has-ductus-white-color has-text-color has-link-color wp-elements-d883afa99a2bfa47e27a40f6437febe5\" id=\"h-ductus-uppsala-site-manager-ludwig-eriksson\" style=\"font-size:42px;font-style:normal;font-weight:600\">Ductus Uppsala Site Manager, Ludwig Eriksson<\/h1>\n<\/div><\/div>\n\n\n\n<div style=\"height:100px\" aria-hidden=\"true\" class=\"wp-block-spacer is-style-responsive-medium\"><\/div>\n\n\n\n<div class=\"wp-block-columns is-layout-flex wp-container-core-columns-is-layout-9d6595d7 wp-block-columns-is-layout-flex\">\n<div class=\"wp-block-column is-layout-flow wp-block-column-is-layout-flow\">\n<h3 class=\"wp-block-heading has-ductus-blue-color has-text-color has-link-color wp-elements-42eea412a238800530458c0a6981ec2d\" id=\"h-hur-lange-har-du-jobbat-pa-ductus\">Hur l\u00e4nge har du jobbat p\u00e5 Ductus?<\/h3>\n\n\n\n<p>Jag b\u00f6rjade f\u00f6r 18 \u00e5r sedan som service desk agent. Min uppgift var d\u00e5 att hj\u00e4lpa v\u00e5r st\u00f6rsta kund p\u00e5 den tiden, Svenska kyrkan, med it-support. B\u00e5de jag och kunden finns kvar p\u00e5 Ductus sedan dess! Under \u00e5ren har jag jobbat mig upp, f\u00f6rst som servicetekniker, sedan systemutvecklare, projektledare, teamledare, IT-arkitekt, aff\u00e4rsomr\u00e5deschef och nu \u00e4r jag kontorsansvarig i Uppsala.<\/p>\n<\/div>\n\n\n\n<div class=\"wp-block-column is-layout-flow wp-block-column-is-layout-flow\"><div class=\"wp-block-image\">\n<figure class=\"aligncenter size-large is-resized\"><img decoding=\"async\" width=\"1024\" height=\"774\" src=\"https:\/\/ductus.global\/wp-content\/uploads\/2023\/06\/Ludwig-Eriksson-web-3-1024x774.jpg\" alt=\"\" class=\"wp-image-27921\" style=\"object-fit:cover;width:450px;height:387px\" srcset=\"https:\/\/ductus.global\/wp-content\/uploads\/2023\/06\/Ludwig-Eriksson-web-3-1024x774.jpg 1024w, https:\/\/ductus.global\/wp-content\/uploads\/2023\/06\/Ludwig-Eriksson-web-3-300x227.jpg 300w, https:\/\/ductus.global\/wp-content\/uploads\/2023\/06\/Ludwig-Eriksson-web-3-768x580.jpg 768w, https:\/\/ductus.global\/wp-content\/uploads\/2023\/06\/Ludwig-Eriksson-web-3-66x50.jpg 66w, https:\/\/ductus.global\/wp-content\/uploads\/2023\/06\/Ludwig-Eriksson-web-3-583x441.jpg 583w, https:\/\/ductus.global\/wp-content\/uploads\/2023\/06\/Ludwig-Eriksson-web-3.jpg 1200w\" sizes=\"(max-width: 1024px) 100vw, 1024px\" \/><figcaption class=\"wp-element-caption\">Ludwig Eriksson, Ductus Uppsala Site Manager<br>Foto: Jonas Westling<\/figcaption><\/figure>\n<\/div><\/div>\n<\/div>\n\n\n\n<h3 class=\"wp-block-heading has-ductus-blue-color has-text-color has-link-color wp-elements-c56ed73e9f52bd35522bcb60ce1b4b10\" id=\"h-beratta-lite-om-din-nya-roll-som-kontorsansvarig\">Ber\u00e4tta lite om din nya roll som kontorsansvarig?<\/h3>\n\n\n\n<p>Det \u00e4r en tredelad roll d\u00e4r jag arbetar n\u00e4ra mina olika team. F\u00f6r det f\u00f6rsta \u00e4r jag ansvarig f\u00f6r aff\u00e4rsutveckling i Uppsalaregionen d\u00e4r vi har ett antal viktiga vertikaler. Jag har \u00e4ven ansvar f\u00f6r personalen p\u00e5 kontoret \u2013 det \u00e4r viktigt att de \u00e4r n\u00f6jda och f\u00e5r det st\u00f6d de beh\u00f6ver f\u00f6r att utvecklas. Den aspekten \u00e4r ocks\u00e5 viktig n\u00e4r det g\u00e4ller att attrahera nya talanger. Sist men inte minst \u00e4r jag ansvarig f\u00f6r kontoret i sig, det vill s\u00e4ga att h\u00e4lso- och s\u00e4kerhetskraven uppfylls och att vi har en stimulerande arbetsmilj\u00f6.<\/p>\n\n\n\n<p>Det h\u00e4nder r\u00e4tt ofta att ansvarsomr\u00e5dena \u00f6verlappar varandra. Till exempel har vi initierat ett projekt f\u00f6r att ta reda p\u00e5 hur vi kan skapa det perfekta arbets- och bes\u00f6ksutrymmet f\u00f6r kollegor, partners och kunder. Beroende p\u00e5 vad vi kommer fram till s\u00e5 kan det h\u00e4nda att vi bygger om kontoret, eller s\u00e5 flyttar vi till helt nya lokaler.<\/p>\n\n\n\n<h3 class=\"wp-block-heading has-ductus-blue-color has-text-color has-link-color wp-elements-cc66bd4936d7d396fef81425fe67dc13\" id=\"h-vilken-typ-av-kunder-arbetar-ductus-med-i-uppsalaregionen\">Vilken typ av kunder arbetar Ductus med i Uppsalaregionen?<\/h3>\n\n\n\n<p>I Uppsala finns m\u00e5nga offentliga organisationer och life science-f\u00f6retag. Det \u00e4r de tv\u00e5 stora vertikalerna i regionen d\u00e4r vi l\u00e4gger v\u00e5rt fokus, men vi har naturligtvis kunder fr\u00e5n andra branscher ocks\u00e5. Vi \u00e4r det st\u00f6rsta it-konsultf\u00f6retaget till antalet anst\u00e4llda i Uppsala \u2013 s\u00e5 vi \u00e4r en popul\u00e4r arbetsplats \u2013 men jag tror \u00e4nd\u00e5 att det finns stora m\u00f6jligheter f\u00f6r oss att v\u00e4xa. F\u00f6rra \u00e5ret <a href=\"https:\/\/ductus.global\/news\/data-ductus-vinnare-av-ramavtal-med-uppsala-kommun-och-region-uppsala\/\">vann vi till exempel ramavtalet<\/a> f\u00f6r att leverera it-tj\u00e4nster till Uppsala kommun och Region Uppsala och de har nu blivit tv\u00e5 av v\u00e5ra st\u00f6rsta kunder. Vi <a href=\"https:\/\/ductus.global\/news\/uppsalahem-valjer-natverk-som-tjanst-for-sin-fortsatta-digitaliseringsresa\/\">tillhandah\u00e5ller \u00e4ven it-tj\u00e4nster till Uppsalahem<\/a> och vi arbetar vidare med bland annat Svenska kyrkan.<\/p>\n\n\n\n<h3 class=\"wp-block-heading has-ductus-blue-color has-text-color has-link-color wp-elements-4b98e4c55f5a30c4e20fe9ce369a3805\" id=\"h-slutligen-vad-gor-du-nar-du-inte-jobbar\">Slutligen, vad g\u00f6r du n\u00e4r du inte jobbar?<\/h3>\n\n\n\n<p>Min fritid spenderar jag oftast med n\u00e5got sportrelaterat. Antingen tittar jag p\u00e5 &#8211; eller coachar &#8211; ett av mina pojkars lag, eller s\u00e5 tr\u00e4nar jag sj\u00e4lv. Jag \u00e4r en h\u00e4ngiven golfare och f\u00f6rs\u00f6ker alltid g\u00e5 en runda n\u00e4r tillf\u00e4lle ges.<\/p>\n\n\n\n<div style=\"height:100px\" aria-hidden=\"true\" class=\"wp-block-spacer is-style-responsive-smaller\"><\/div>\n\n\n<div class=\"cta-button wp-block-button ductus-cta-block aligncenter\">\n\t\t\t<a href=\"https:\/\/ductus.global\/careers\/#job-openings\"  title=\"_blank\"\t\t\t\tclass=\"ductus-btn-angle has-ductus-green-background-color md\"\n\t\t\t\tdata-gtmtrack=\"true\" data-trackelement=\"call-to-action\"\n\t\t\t\tdata-trackvalue=\"Join Us!\">Join Us!<\/a>\n\t\t<\/div>\n\n\n\t\t<section id=\"social-share-block_1641bef64a8a8bea38084ca9b85ea1b8\" class=\"ductus-gutenberg ductus-social-share-block\">\n\t\t\t<div class=\"inner\">\n\t\t\t\t<nav class=\"social-share post-27732\" role=\"navigation\" aria-label=\"Social Links Menu\"><div class=\"menu-social-container\"><ul class=\"social-links-menu\"><li class=\"menu-item\"><a class=\"social-share-link social-share-x\" title=\"x\" href=\"https:\/\/twitter.com\/intent\/tweet?text=Ductus%20Uppsala%20Site%20Manager,%20Ludwig%20Eriksson&amp;url=https%3A%2F%2Fductus.global%2Fsv%2Fdata-ductus-uppsala-site-manager-ludwig-eriksson%2F\" target=\"_blank\" rel=\"noopener\" alt=\"Share on X\"><svg class=\"svg-icon\" aria-hidden=\"true\" role=\"img\" focusable=\"false\" width=\"24\" height=\"24\" viewBox=\"0 0 24 24\" xmlns=\"http:\/\/www.w3.org\/2000\/svg\"><path d=\"M13.982 10.622 20.54 3h-1.554l-5.693 6.618L8.745 3H3.5l6.876 10.007L3.5 21h1.554l6.012-6.989L15.868 21h5.245l-7.131-10.378Zm-2.128 2.474-.697-.997-5.543-7.93H8l4.474 6.4.697.996 5.815 8.318h-2.387l-4.745-6.787Z\"><\/path><\/svg><\/a><\/li><li class=\"menu-item\"><a class=\"social-share-link social-share-facebook\" title=\"facebook\" href=\"https:\/\/www.facebook.com\/sharer\/sharer.php?u=https%3A%2F%2Fductus.global%2Fsv%2Fdata-ductus-uppsala-site-manager-ludwig-eriksson%2F\" target=\"_blank\" rel=\"noopener\" alt=\"Share on Facebook\"><svg class=\"svg-icon\" aria-hidden=\"true\" role=\"img\" focusable=\"false\" width=\"24\" height=\"24\" viewBox=\"0 0 24 24\" xmlns=\"http:\/\/www.w3.org\/2000\/svg\"><path d=\"M12 2C6.5 2 2 6.5 2 12c0 5 3.7 9.1 8.4 9.9v-7H7.9V12h2.5V9.8c0-2.5 1.5-3.9 3.8-3.9 1.1 0 2.2.2 2.2.2v2.5h-1.3c-1.2 0-1.6.8-1.6 1.6V12h2.8l-.4 2.9h-2.3v7C18.3 21.1 22 17 22 12c0-5.5-4.5-10-10-10z\"><\/path><\/svg><\/a><\/li><li class=\"menu-item\"><a class=\"social-share-link social-share-linkedin\" title=\"linkedin\" href=\"https:\/\/www.linkedin.com\/shareArticle?mini=true&#038;url=https%3A%2F%2Fductus.global%2Fsv%2Fdata-ductus-uppsala-site-manager-ludwig-eriksson%2F&amp;title=Ductus%20Uppsala%20Site%20Manager,%20Ludwig%20Eriksson\" target=\"_blank\" rel=\"noopener\" alt=\"Share on Linkedin\"><svg class=\"svg-icon\" aria-hidden=\"true\" role=\"img\" focusable=\"false\" width=\"24\" height=\"24\" viewBox=\"0 0 24 24\" xmlns=\"http:\/\/www.w3.org\/2000\/svg\"><path d=\"M19.7,3H4.3C3.582,3,3,3.582,3,4.3v15.4C3,20.418,3.582,21,4.3,21h15.4c0.718,0,1.3-0.582,1.3-1.3V4.3 C21,3.582,20.418,3,19.7,3z M8.339,18.338H5.667v-8.59h2.672V18.338z M7.004,8.574c-0.857,0-1.549-0.694-1.549-1.548 c0-0.855,0.691-1.548,1.549-1.548c0.854,0,1.547,0.694,1.547,1.548C8.551,7.881,7.858,8.574,7.004,8.574z M18.339,18.338h-2.669 v-4.177c0-0.996-0.017-2.278-1.387-2.278c-1.389,0-1.601,1.086-1.601,2.206v4.249h-2.667v-8.59h2.559v1.174h0.037 c0.356-0.675,1.227-1.387,2.526-1.387c2.703,0,3.203,1.779,3.203,4.092V18.338z\"><\/path><\/svg><\/a><\/li><li class=\"menu-item\"><a class=\"social-share-link social-share-mail\" title=\"mail\" href=\"mailto:?subject=Share: Ductus%20Uppsala%20Site%20Manager,%20Ludwig%20Eriksson&amp;body=Ductus%20Uppsala%20Site%20Manager,%20Ludwig%20Eriksson%0D%0A%0D%0A%0D%0A%0D%0ARead more: https%3A%2F%2Fductus.global%2Fsv%2Fdata-ductus-uppsala-site-manager-ludwig-eriksson%2F\" target=\"_blank\" rel=\"noopener\" alt=\"Share on Mail\"><svg class=\"svg-icon\" aria-hidden=\"true\" role=\"img\" focusable=\"false\" width=\"24\" height=\"24\" viewBox=\"0 0 24 24\" xmlns=\"http:\/\/www.w3.org\/2000\/svg\"><path d=\"M20,4H4C2.895,4,2,4.895,2,6v12c0,1.105,0.895,2,2,2h16c1.105,0,2-0.895,2-2V6C22,4.895,21.105,4,20,4z M20,8.236l-8,4.882 L4,8.236V6h16V8.236z\"><\/path><\/svg><\/a><\/li><\/ul><\/div><\/nav>\n\t\t\t<\/div>\n\t\t<\/section>\n\n\n\n<div style=\"height:100px\" aria-hidden=\"true\" class=\"wp-block-spacer is-style-responsive-bottom\"><\/div>\n","protected":false},"excerpt":{"rendered":"<p>Hur l\u00e4nge har du jobbat p\u00e5 Ductus? Jag b\u00f6rjade f\u00f6r 18 \u00e5r sedan som service desk agent. Min uppgift var d\u00e5 att hj\u00e4lpa v\u00e5r st\u00f6rsta kund p\u00e5 den tiden, Svenska kyrkan, med it-support. B\u00e5de jag och kunden finns kvar p\u00e5 Ductus sedan dess! Under \u00e5ren har jag jobbat mig upp, f\u00f6rst som servicetekniker, sedan systemutvecklare, [&hellip;]<\/p>\n","protected":false},"author":5,"featured_media":27921,"comment_status":"closed","ping_status":"closed","sticky":false,"template":"","format":"standard","meta":{"_acf_changed":false,"footnotes":""},"categories":[4221,4206,4295],"tags":[],"class_list":["post-27732","post","type-post","status-publish","format-standard","has-post-thumbnail","hentry","category-articles-sv","category-articles-careers","category-articles-uppsala-sv"],"acf":[],"_links":{"self":[{"href":"https:\/\/ductus.global\/sv\/wp-json\/wp\/v2\/posts\/27732","targetHints":{"allow":["GET"]}}],"collection":[{"href":"https:\/\/ductus.global\/sv\/wp-json\/wp\/v2\/posts"}],"about":[{"href":"https:\/\/ductus.global\/sv\/wp-json\/wp\/v2\/types\/post"}],"author":[{"embeddable":true,"href":"https:\/\/ductus.global\/sv\/wp-json\/wp\/v2\/users\/5"}],"replies":[{"embeddable":true,"href":"https:\/\/ductus.global\/sv\/wp-json\/wp\/v2\/comments?post=27732"}],"version-history":[{"count":3,"href":"https:\/\/ductus.global\/sv\/wp-json\/wp\/v2\/posts\/27732\/revisions"}],"predecessor-version":[{"id":33744,"href":"https:\/\/ductus.global\/sv\/wp-json\/wp\/v2\/posts\/27732\/revisions\/33744"}],"wp:featuredmedia":[{"embeddable":true,"href":"https:\/\/ductus.global\/sv\/wp-json\/wp\/v2\/media\/27921"}],"wp:attachment":[{"href":"https:\/\/ductus.global\/sv\/wp-json\/wp\/v2\/media?parent=27732"}],"wp:term":[{"taxonomy":"category","embeddable":true,"href":"https:\/\/ductus.global\/sv\/wp-json\/wp\/v2\/categories?post=27732"},{"taxonomy":"post_tag","embeddable":true,"href":"https:\/\/ductus.global\/sv\/wp-json\/wp\/v2\/tags?post=27732"}],"curies":[{"name":"wp","href":"https:\/\/api.w.org\/{rel}","templated":true}]}}